{"id":4751,"date":"2025-01-16T06:00:00","date_gmt":"2025-01-16T05:00:00","guid":{"rendered":"https:\/\/family-bike-travel.fr\/?p=4751"},"modified":"2025-01-15T03:56:38","modified_gmt":"2025-01-15T02:56:38","slug":"j-202-j-203-plage-mizata-el-zonte-jour-off-el-zonte-35-km-700m-d-total-4449-km","status":"publish","type":"post","link":"https:\/\/family-bike-travel.fr\/index.php\/2025\/01\/16\/j-202-j-203-plage-mizata-el-zonte-jour-off-el-zonte-35-km-700m-d-total-4449-km\/","title":{"rendered":"J 202 \/ J 203 Plage Mizata &#8211; El Zonte + Jour off El Zonte 35 km (700m D+) (Total : 4449 Km)"},"content":{"rendered":"<div class=\"initial-letter\">\n<p class=\"has-larger-font-size\"><strong><mark style=\"background-color:rgba(0, 0, 0, 0);color:#ec1423\" class=\"has-inline-color\">Jour 1<\/mark><\/strong><\/p>\n\n\n\n<p>Le r\u00e9veil sonne \u00e0 5h45, il est temps pour nous de repartir, le r\u00e9veil est dur pour les enfants apr\u00e8s une journ\u00e9e \u00e0 la plage la veille ils ont du mal \u00e0 se lever. Nous arrivons \u00e0 \u00eatre pr\u00eat pour 7h30, le camping dort encore, nous croisons Antonio que nous remercions et apr\u00e8s une petite photo nous poussons les v\u00e9los jusqu&rsquo;\u00e0 la sortie. Nous remontons sur les v\u00e9los et remontons jusqu&rsquo;\u00e0 la route par une jolie petite mont\u00e9e. Apr\u00e8s avoir rejoint la route nous prenons une descente avant de mont\u00e9e une belle cote, les cuisses chauffent, heureusement qu&rsquo;il y a un peu d&rsquo;ombre et que nous sommes partis t\u00f4t. Nous faisons une petite pause eau en haut et une voiture s&rsquo;arr\u00eate : c&rsquo;est une dame qui habite non loin de l\u00e0 et qui nous propose de passer la journ\u00e9e et la nuit chez elle dans sa maison au bord de la plage. Nous venons de faire seulement 5 km, nous d\u00e9clinons gentiment sa proposition car nous voulons un peu avancer aujourd&rsquo;hui. Les pr\u00e9visions m\u00e9t\u00e9o pr\u00e9voient des temp\u00e9ratures en hausses dans les jours qui viennent donc nous voulons terminer les mont\u00e9es qui nous attendent surtout aujourd&rsquo;hui. <\/p>\n\n\n\n<p><\/p>\n\n\n\n<figure class=\"wp-block-image size-full\"><img loading=\"lazy\" decoding=\"async\" width=\"1280\" height=\"960\" src=\"https:\/\/family-bike-travel.fr\/wp-content\/uploads\/2025\/01\/IMG_6190-2-Grande.jpeg\" alt=\"\" class=\"wp-image-4801\" srcset=\"https:\/\/family-bike-travel.fr\/wp-content\/uploads\/2025\/01\/IMG_6190-2-Grande.jpeg 1280w, https:\/\/family-bike-travel.fr\/wp-content\/uploads\/2025\/01\/IMG_6190-2-Grande-300x225.jpeg 300w, https:\/\/family-bike-travel.fr\/wp-content\/uploads\/2025\/01\/IMG_6190-2-Grande-768x576.jpeg 768w, https:\/\/family-bike-travel.fr\/wp-content\/uploads\/2025\/01\/IMG_6190-2-Grande-600x450.jpeg 600w, https:\/\/family-bike-travel.fr\/wp-content\/uploads\/2025\/01\/IMG_6190-2-Grande-945x709.jpeg 945w\" sizes=\"auto, (max-width: 1280px) 100vw, 1280px\" \/><\/figure>\n\n\n\n<p><\/p>\n\n\n\n<figure class=\"wp-block-image size-full\"><img loading=\"lazy\" decoding=\"async\" width=\"1280\" height=\"960\" src=\"https:\/\/family-bike-travel.fr\/wp-content\/uploads\/2025\/01\/IMG_6195-Grande.jpeg\" alt=\"\" class=\"wp-image-4802\" srcset=\"https:\/\/family-bike-travel.fr\/wp-content\/uploads\/2025\/01\/IMG_6195-Grande.jpeg 1280w, https:\/\/family-bike-travel.fr\/wp-content\/uploads\/2025\/01\/IMG_6195-Grande-300x225.jpeg 300w, https:\/\/family-bike-travel.fr\/wp-content\/uploads\/2025\/01\/IMG_6195-Grande-768x576.jpeg 768w, https:\/\/family-bike-travel.fr\/wp-content\/uploads\/2025\/01\/IMG_6195-Grande-600x450.jpeg 600w, https:\/\/family-bike-travel.fr\/wp-content\/uploads\/2025\/01\/IMG_6195-Grande-945x709.jpeg 945w\" sizes=\"auto, (max-width: 1280px) 100vw, 1280px\" \/><\/figure>\n\n\n\n<p><\/p>\n\n\n\n<figure class=\"wp-block-image size-full\"><img loading=\"lazy\" decoding=\"async\" width=\"960\" height=\"1280\" src=\"https:\/\/family-bike-travel.fr\/wp-content\/uploads\/2025\/01\/IMG_6197-Grande.jpeg\" alt=\"\" class=\"wp-image-4803\" srcset=\"https:\/\/family-bike-travel.fr\/wp-content\/uploads\/2025\/01\/IMG_6197-Grande.jpeg 960w, https:\/\/family-bike-travel.fr\/wp-content\/uploads\/2025\/01\/IMG_6197-Grande-225x300.jpeg 225w, https:\/\/family-bike-travel.fr\/wp-content\/uploads\/2025\/01\/IMG_6197-Grande-768x1024.jpeg 768w, https:\/\/family-bike-travel.fr\/wp-content\/uploads\/2025\/01\/IMG_6197-Grande-600x800.jpeg 600w, https:\/\/family-bike-travel.fr\/wp-content\/uploads\/2025\/01\/IMG_6197-Grande-945x1260.jpeg 945w\" sizes=\"auto, (max-width: 960px) 100vw, 960px\" \/><\/figure>\n\n\n\n<p><\/p>\n\n\n\n<figure class=\"wp-block-image size-full\"><img loading=\"lazy\" decoding=\"async\" width=\"960\" height=\"1280\" src=\"https:\/\/family-bike-travel.fr\/wp-content\/uploads\/2025\/01\/IMG_9434-Grande-2.jpeg\" alt=\"\" class=\"wp-image-4804\" srcset=\"https:\/\/family-bike-travel.fr\/wp-content\/uploads\/2025\/01\/IMG_9434-Grande-2.jpeg 960w, https:\/\/family-bike-travel.fr\/wp-content\/uploads\/2025\/01\/IMG_9434-Grande-2-225x300.jpeg 225w, https:\/\/family-bike-travel.fr\/wp-content\/uploads\/2025\/01\/IMG_9434-Grande-2-768x1024.jpeg 768w, https:\/\/family-bike-travel.fr\/wp-content\/uploads\/2025\/01\/IMG_9434-Grande-2-600x800.jpeg 600w, https:\/\/family-bike-travel.fr\/wp-content\/uploads\/2025\/01\/IMG_9434-Grande-2-945x1260.jpeg 945w\" sizes=\"auto, (max-width: 960px) 100vw, 960px\" \/><\/figure>\n\n\n\n<p><\/p>\n\n\n\n<figure class=\"wp-block-image size-full\"><img loading=\"lazy\" decoding=\"async\" width=\"960\" height=\"1280\" src=\"https:\/\/family-bike-travel.fr\/wp-content\/uploads\/2025\/01\/IMG_9442-Grande.jpeg\" alt=\"\" class=\"wp-image-4805\" srcset=\"https:\/\/family-bike-travel.fr\/wp-content\/uploads\/2025\/01\/IMG_9442-Grande.jpeg 960w, https:\/\/family-bike-travel.fr\/wp-content\/uploads\/2025\/01\/IMG_9442-Grande-225x300.jpeg 225w, https:\/\/family-bike-travel.fr\/wp-content\/uploads\/2025\/01\/IMG_9442-Grande-768x1024.jpeg 768w, https:\/\/family-bike-travel.fr\/wp-content\/uploads\/2025\/01\/IMG_9442-Grande-600x800.jpeg 600w, https:\/\/family-bike-travel.fr\/wp-content\/uploads\/2025\/01\/IMG_9442-Grande-945x1260.jpeg 945w\" sizes=\"auto, (max-width: 960px) 100vw, 960px\" \/><\/figure>\n\n\n\n<p>Nous continuons notre route et nous nous arr\u00eaterons plus loin apr\u00e8s une grosse bosse pour une pause dans un restaurant avec vue plongeante sur l&rsquo;oc\u00e9an: \u00e7a nous motive aussi dans les mont\u00e9es de voir un paysage aussi beau. Nous devions couper cette partie en 2 jours pour \u00e9viter trop de d\u00e9nivel\u00e9 mais au vu de l&rsquo;heure et des km qui nous s\u00e9pare de El Zonte nous d\u00e9cidons d&rsquo;y aller et de finir avec ce d\u00e9nivel\u00e9. Nous passerons au milieu de champ de canne \u00e0 sucre, les camions qui le transporte sont impressionnants avec des remorques qui sont immense mais \u00e9galement des gardes arm\u00e9s \u00e0 chaque acc\u00e8s. <\/p>\n\n\n\n<p><\/p>\n\n\n\n<figure class=\"wp-block-image size-full\"><img loading=\"lazy\" decoding=\"async\" width=\"960\" height=\"1280\" src=\"https:\/\/family-bike-travel.fr\/wp-content\/uploads\/2025\/01\/IMG_6203-Grande.jpeg\" alt=\"\" class=\"wp-image-4806\" srcset=\"https:\/\/family-bike-travel.fr\/wp-content\/uploads\/2025\/01\/IMG_6203-Grande.jpeg 960w, https:\/\/family-bike-travel.fr\/wp-content\/uploads\/2025\/01\/IMG_6203-Grande-225x300.jpeg 225w, https:\/\/family-bike-travel.fr\/wp-content\/uploads\/2025\/01\/IMG_6203-Grande-768x1024.jpeg 768w, https:\/\/family-bike-travel.fr\/wp-content\/uploads\/2025\/01\/IMG_6203-Grande-600x800.jpeg 600w, https:\/\/family-bike-travel.fr\/wp-content\/uploads\/2025\/01\/IMG_6203-Grande-945x1260.jpeg 945w\" sizes=\"auto, (max-width: 960px) 100vw, 960px\" \/><\/figure>\n\n\n\n<p><\/p>\n\n\n\n<figure class=\"wp-block-image size-full\"><img loading=\"lazy\" decoding=\"async\" width=\"960\" height=\"1280\" src=\"https:\/\/family-bike-travel.fr\/wp-content\/uploads\/2025\/01\/IMG_9435-Grande-2.jpeg\" alt=\"\" class=\"wp-image-4807\" srcset=\"https:\/\/family-bike-travel.fr\/wp-content\/uploads\/2025\/01\/IMG_9435-Grande-2.jpeg 960w, https:\/\/family-bike-travel.fr\/wp-content\/uploads\/2025\/01\/IMG_9435-Grande-2-225x300.jpeg 225w, https:\/\/family-bike-travel.fr\/wp-content\/uploads\/2025\/01\/IMG_9435-Grande-2-768x1024.jpeg 768w, https:\/\/family-bike-travel.fr\/wp-content\/uploads\/2025\/01\/IMG_9435-Grande-2-600x800.jpeg 600w, https:\/\/family-bike-travel.fr\/wp-content\/uploads\/2025\/01\/IMG_9435-Grande-2-945x1260.jpeg 945w\" sizes=\"auto, (max-width: 960px) 100vw, 960px\" \/><\/figure>\n\n\n\n<p><\/p>\n\n\n\n<figure class=\"wp-block-image size-full\"><img loading=\"lazy\" decoding=\"async\" width=\"1280\" height=\"960\" src=\"https:\/\/family-bike-travel.fr\/wp-content\/uploads\/2025\/01\/IMG_9437-Grande-1.jpeg\" alt=\"\" class=\"wp-image-4809\" srcset=\"https:\/\/family-bike-travel.fr\/wp-content\/uploads\/2025\/01\/IMG_9437-Grande-1.jpeg 1280w, https:\/\/family-bike-travel.fr\/wp-content\/uploads\/2025\/01\/IMG_9437-Grande-1-300x225.jpeg 300w, https:\/\/family-bike-travel.fr\/wp-content\/uploads\/2025\/01\/IMG_9437-Grande-1-768x576.jpeg 768w, https:\/\/family-bike-travel.fr\/wp-content\/uploads\/2025\/01\/IMG_9437-Grande-1-600x450.jpeg 600w, https:\/\/family-bike-travel.fr\/wp-content\/uploads\/2025\/01\/IMG_9437-Grande-1-945x709.jpeg 945w\" sizes=\"auto, (max-width: 1280px) 100vw, 1280px\" \/><\/figure>\n\n\n\n<p><\/p>\n\n\n\n<figure class=\"wp-block-image size-full\"><img loading=\"lazy\" decoding=\"async\" width=\"1280\" height=\"960\" src=\"https:\/\/family-bike-travel.fr\/wp-content\/uploads\/2025\/01\/IMG_6222-Grande.jpeg\" alt=\"\" class=\"wp-image-4811\" srcset=\"https:\/\/family-bike-travel.fr\/wp-content\/uploads\/2025\/01\/IMG_6222-Grande.jpeg 1280w, https:\/\/family-bike-travel.fr\/wp-content\/uploads\/2025\/01\/IMG_6222-Grande-300x225.jpeg 300w, https:\/\/family-bike-travel.fr\/wp-content\/uploads\/2025\/01\/IMG_6222-Grande-768x576.jpeg 768w, https:\/\/family-bike-travel.fr\/wp-content\/uploads\/2025\/01\/IMG_6222-Grande-600x450.jpeg 600w, https:\/\/family-bike-travel.fr\/wp-content\/uploads\/2025\/01\/IMG_6222-Grande-945x709.jpeg 945w\" sizes=\"auto, (max-width: 1280px) 100vw, 1280px\" \/><\/figure>\n\n\n\n<p><\/p>\n\n\n\n<figure class=\"wp-block-image size-full\"><img loading=\"lazy\" decoding=\"async\" width=\"960\" height=\"1280\" src=\"https:\/\/family-bike-travel.fr\/wp-content\/uploads\/2025\/01\/IMG_6224-Grande.jpeg\" alt=\"\" class=\"wp-image-4812\" srcset=\"https:\/\/family-bike-travel.fr\/wp-content\/uploads\/2025\/01\/IMG_6224-Grande.jpeg 960w, https:\/\/family-bike-travel.fr\/wp-content\/uploads\/2025\/01\/IMG_6224-Grande-225x300.jpeg 225w, https:\/\/family-bike-travel.fr\/wp-content\/uploads\/2025\/01\/IMG_6224-Grande-768x1024.jpeg 768w, https:\/\/family-bike-travel.fr\/wp-content\/uploads\/2025\/01\/IMG_6224-Grande-600x800.jpeg 600w, https:\/\/family-bike-travel.fr\/wp-content\/uploads\/2025\/01\/IMG_6224-Grande-945x1260.jpeg 945w\" sizes=\"auto, (max-width: 960px) 100vw, 960px\" \/><\/figure>\n\n\n\n<p>La chaleur est \u00e9crasante mais nous r\u00e9ussissons \u00e0 atteindre El Zonte  vers 12h30, nous descendons aupr\u00e8s de la plage et de la zone des h\u00f4tels, nous ne savons pas trop ou dormir, le premier h\u00f4tel rep\u00e9r\u00e9 nous demande de repasser dans une heure, nous allons voir plus loin. Lorsque un homme nous interpelle dans la rue, il tient un hostel de surfeurs le Horizonte surf camp, il nous a entendu et nous propose gratuitement un h\u00e9bergement car nous sommes une famille : il part 2 nuits dans la montagne et nous laisse volontiers sa chambre durant ce laps de temps. Nous acceptons volontiers sa proposition et nous resterons les 2 nuits propos\u00e9es. L&rsquo;endroit est vraiment sympa \u00e0 2 pas de la plage, il y a une piscine, une cuisine \u00e0 disposition, des hamacs, des douches, des toilettes et un service de laverie. Nous allons \u00eatre bien ici, on peut emprunter une body board si nous voulons et profiter des vagues. La chambre comprend un grand lit et des hamacs d&rsquo;ailleurs pour la premi\u00e8re fois Nathan et Math\u00e9o dormiront dedans (ils ont peur de tomber nous mettrons des sacoches en dessous pour amortir si chute il y a). Il y a un petit restaurant \u00e0 2 pas de l\u00e0, Xavier va aller acheter des pupusas et des boissons fraiches pour notre repas avant une bonne baignade dans la piscine. Nathan est ravi car il y a 2 chiens et un perroquet, mais surtout des canadiens qui parlent fran\u00e7ais. Nous profitons pour nous poser un peu au bord de la piscine et quand nous retournons aupr\u00e8s des v\u00e9los, Caiden qui travaille l\u00e0 nous a mis plein d&rsquo;autocollant de l&rsquo;hotel. Amado le propri\u00e9taire part en nous disant de ne pas h\u00e9siter \u00e0 demander \u00e0 Caiden si nous avons besoin e quelque chose que nous sommes comme \u00e0 la maison. Au d\u00e9but de cette journ\u00e9e nous ne pensions pas la finir par deux nuits offertes dans un super endroit, nous sommes chanceux.<\/p>\n\n\n\n<p><\/p>\n\n\n\n<figure class=\"wp-block-image size-full\"><img loading=\"lazy\" decoding=\"async\" width=\"960\" height=\"1280\" src=\"https:\/\/family-bike-travel.fr\/wp-content\/uploads\/2025\/01\/IMG_6228-Grande.jpeg\" alt=\"\" class=\"wp-image-4810\" srcset=\"https:\/\/family-bike-travel.fr\/wp-content\/uploads\/2025\/01\/IMG_6228-Grande.jpeg 960w, https:\/\/family-bike-travel.fr\/wp-content\/uploads\/2025\/01\/IMG_6228-Grande-225x300.jpeg 225w, https:\/\/family-bike-travel.fr\/wp-content\/uploads\/2025\/01\/IMG_6228-Grande-768x1024.jpeg 768w, https:\/\/family-bike-travel.fr\/wp-content\/uploads\/2025\/01\/IMG_6228-Grande-600x800.jpeg 600w, https:\/\/family-bike-travel.fr\/wp-content\/uploads\/2025\/01\/IMG_6228-Grande-945x1260.jpeg 945w\" sizes=\"auto, (max-width: 960px) 100vw, 960px\" \/><\/figure>\n\n\n\n<p><\/p>\n\n\n\n<figure class=\"wp-block-image size-full\"><img loading=\"lazy\" decoding=\"async\" width=\"960\" height=\"1280\" src=\"https:\/\/family-bike-travel.fr\/wp-content\/uploads\/2025\/01\/IMG_6255-Grande.jpeg\" alt=\"\" class=\"wp-image-4813\" srcset=\"https:\/\/family-bike-travel.fr\/wp-content\/uploads\/2025\/01\/IMG_6255-Grande.jpeg 960w, https:\/\/family-bike-travel.fr\/wp-content\/uploads\/2025\/01\/IMG_6255-Grande-225x300.jpeg 225w, https:\/\/family-bike-travel.fr\/wp-content\/uploads\/2025\/01\/IMG_6255-Grande-768x1024.jpeg 768w, https:\/\/family-bike-travel.fr\/wp-content\/uploads\/2025\/01\/IMG_6255-Grande-600x800.jpeg 600w, https:\/\/family-bike-travel.fr\/wp-content\/uploads\/2025\/01\/IMG_6255-Grande-945x1260.jpeg 945w\" sizes=\"auto, (max-width: 960px) 100vw, 960px\" \/><\/figure>\n\n\n\n<p><\/p>\n\n\n\n<figure class=\"wp-block-image size-full\"><img loading=\"lazy\" decoding=\"async\" width=\"960\" height=\"1280\" src=\"https:\/\/family-bike-travel.fr\/wp-content\/uploads\/2025\/01\/IMG_9451-Grande.jpeg\" alt=\"\" class=\"wp-image-4814\" srcset=\"https:\/\/family-bike-travel.fr\/wp-content\/uploads\/2025\/01\/IMG_9451-Grande.jpeg 960w, https:\/\/family-bike-travel.fr\/wp-content\/uploads\/2025\/01\/IMG_9451-Grande-225x300.jpeg 225w, https:\/\/family-bike-travel.fr\/wp-content\/uploads\/2025\/01\/IMG_9451-Grande-768x1024.jpeg 768w, https:\/\/family-bike-travel.fr\/wp-content\/uploads\/2025\/01\/IMG_9451-Grande-600x800.jpeg 600w, https:\/\/family-bike-travel.fr\/wp-content\/uploads\/2025\/01\/IMG_9451-Grande-945x1260.jpeg 945w\" sizes=\"auto, (max-width: 960px) 100vw, 960px\" \/><\/figure>\n\n\n\n<p>Les enfants barbotent un peu dans la piscine et les parents en profitent pour prendre une bonne douche et se reposer dans les hamacs. La fin de journ\u00e9e se passe dans la zenitude, le lieu s&rsquo;y pr\u00eate et les surfeurs qu&rsquo;on croisent sont assez cool, profitant de l&rsquo;instant, des vagues et de la douceur de vivre du lieu, nous faisons de m\u00eame et \u00e7a fait du bien. Les enfants resteront \u00e0 l&rsquo;h\u00f4tel pour que les parents aillent chercher le gouter et faire un peu le tour de ce lieu au soleil couchant. Pas de cuisine pour le soir nous irons chercher \u00e0 manger aupr\u00e8s du restaurant o\u00f9 nous avons manger le midi, puis nous nous laisserons bercer par le bruits des vagues.<\/p>\n\n\n\n<p><\/p>\n\n\n\n<figure class=\"wp-block-image size-full\"><img loading=\"lazy\" decoding=\"async\" width=\"1280\" height=\"960\" src=\"https:\/\/family-bike-travel.fr\/wp-content\/uploads\/2025\/01\/IMG_6236-Grande.jpeg\" alt=\"\" class=\"wp-image-4815\" srcset=\"https:\/\/family-bike-travel.fr\/wp-content\/uploads\/2025\/01\/IMG_6236-Grande.jpeg 1280w, https:\/\/family-bike-travel.fr\/wp-content\/uploads\/2025\/01\/IMG_6236-Grande-300x225.jpeg 300w, https:\/\/family-bike-travel.fr\/wp-content\/uploads\/2025\/01\/IMG_6236-Grande-768x576.jpeg 768w, https:\/\/family-bike-travel.fr\/wp-content\/uploads\/2025\/01\/IMG_6236-Grande-600x450.jpeg 600w, https:\/\/family-bike-travel.fr\/wp-content\/uploads\/2025\/01\/IMG_6236-Grande-945x709.jpeg 945w\" sizes=\"auto, (max-width: 1280px) 100vw, 1280px\" \/><\/figure>\n\n\n\n<p><\/p>\n\n\n\n<figure class=\"wp-block-image size-full\"><img loading=\"lazy\" decoding=\"async\" width=\"1280\" height=\"960\" src=\"https:\/\/family-bike-travel.fr\/wp-content\/uploads\/2025\/01\/IMG_6241-Grande.jpeg\" alt=\"\" class=\"wp-image-4816\" srcset=\"https:\/\/family-bike-travel.fr\/wp-content\/uploads\/2025\/01\/IMG_6241-Grande.jpeg 1280w, https:\/\/family-bike-travel.fr\/wp-content\/uploads\/2025\/01\/IMG_6241-Grande-300x225.jpeg 300w, https:\/\/family-bike-travel.fr\/wp-content\/uploads\/2025\/01\/IMG_6241-Grande-768x576.jpeg 768w, https:\/\/family-bike-travel.fr\/wp-content\/uploads\/2025\/01\/IMG_6241-Grande-600x450.jpeg 600w, https:\/\/family-bike-travel.fr\/wp-content\/uploads\/2025\/01\/IMG_6241-Grande-945x709.jpeg 945w\" sizes=\"auto, (max-width: 1280px) 100vw, 1280px\" \/><\/figure>\n\n\n\n<p><\/p>\n\n\n\n<figure class=\"wp-block-image size-full\"><img loading=\"lazy\" decoding=\"async\" width=\"960\" height=\"1280\" src=\"https:\/\/family-bike-travel.fr\/wp-content\/uploads\/2025\/01\/IMG_6244-Grande.jpeg\" alt=\"\" class=\"wp-image-4817\" srcset=\"https:\/\/family-bike-travel.fr\/wp-content\/uploads\/2025\/01\/IMG_6244-Grande.jpeg 960w, https:\/\/family-bike-travel.fr\/wp-content\/uploads\/2025\/01\/IMG_6244-Grande-225x300.jpeg 225w, https:\/\/family-bike-travel.fr\/wp-content\/uploads\/2025\/01\/IMG_6244-Grande-768x1024.jpeg 768w, https:\/\/family-bike-travel.fr\/wp-content\/uploads\/2025\/01\/IMG_6244-Grande-600x800.jpeg 600w, https:\/\/family-bike-travel.fr\/wp-content\/uploads\/2025\/01\/IMG_6244-Grande-945x1260.jpeg 945w\" sizes=\"auto, (max-width: 960px) 100vw, 960px\" \/><\/figure>\n\n\n\n<p><\/p>\n\n\n\n<figure class=\"wp-block-image size-full\"><img loading=\"lazy\" decoding=\"async\" width=\"1280\" height=\"960\" src=\"https:\/\/family-bike-travel.fr\/wp-content\/uploads\/2025\/01\/IMG_6245-Grande.jpeg\" alt=\"\" class=\"wp-image-4818\" srcset=\"https:\/\/family-bike-travel.fr\/wp-content\/uploads\/2025\/01\/IMG_6245-Grande.jpeg 1280w, https:\/\/family-bike-travel.fr\/wp-content\/uploads\/2025\/01\/IMG_6245-Grande-300x225.jpeg 300w, https:\/\/family-bike-travel.fr\/wp-content\/uploads\/2025\/01\/IMG_6245-Grande-768x576.jpeg 768w, https:\/\/family-bike-travel.fr\/wp-content\/uploads\/2025\/01\/IMG_6245-Grande-600x450.jpeg 600w, https:\/\/family-bike-travel.fr\/wp-content\/uploads\/2025\/01\/IMG_6245-Grande-945x709.jpeg 945w\" sizes=\"auto, (max-width: 1280px) 100vw, 1280px\" \/><\/figure>\n\n\n\n<p class=\"has-larger-font-size\"><strong><mark style=\"background-color:rgba(0, 0, 0, 0);color:#09edc3\" class=\"has-inline-color\">Jour 2<\/mark><\/strong><\/p>\n\n\n\n<p>R\u00e9veil en douceur pour tout le monde, Math\u00e9o et Nathan ne sont pas tomb\u00e9s de leur hamac. Nous allons prendre le petit d\u00e9jeuner au bord de la piscine, puis C\u00e9line donnera notre linge \u00e0 laver. Caiden nous demande si notre nuit s&rsquo;est bien pass\u00e9 et si nous n&rsquo;avons besoin de rien, elle est au petit soin, Aujourd&rsquo;hui nous ne ferons pas grand chose, nous allons nous reposer, juste le hamac un peu de piscine et ne rien faire car ces derniers temps nous avons toujours fait une activit\u00e9 les jour off, nous ne nous sommes pas vraiment pos\u00e9s sans visiter ou bouger. Nous aurons un tremblement de terre dans l&rsquo;apr\u00e8s-midi, nous \u00e9tions au bord de la piscine, cela fait dr\u00f4le de sentir la terre trembl\u00e9e (nous en avions d\u00e9j\u00e0 eu un \u00e0 cot\u00e9 de Nasca au P\u00e9rou)<\/p>\n\n\n\n<p><\/p>\n\n\n\n<figure class=\"wp-block-image size-full\"><img loading=\"lazy\" decoding=\"async\" width=\"960\" height=\"1280\" src=\"https:\/\/family-bike-travel.fr\/wp-content\/uploads\/2025\/01\/IMG_6262-Grande.jpeg\" alt=\"\" class=\"wp-image-4819\" srcset=\"https:\/\/family-bike-travel.fr\/wp-content\/uploads\/2025\/01\/IMG_6262-Grande.jpeg 960w, https:\/\/family-bike-travel.fr\/wp-content\/uploads\/2025\/01\/IMG_6262-Grande-225x300.jpeg 225w, https:\/\/family-bike-travel.fr\/wp-content\/uploads\/2025\/01\/IMG_6262-Grande-768x1024.jpeg 768w, https:\/\/family-bike-travel.fr\/wp-content\/uploads\/2025\/01\/IMG_6262-Grande-600x800.jpeg 600w, https:\/\/family-bike-travel.fr\/wp-content\/uploads\/2025\/01\/IMG_6262-Grande-945x1260.jpeg 945w\" sizes=\"auto, (max-width: 960px) 100vw, 960px\" \/><\/figure>\n\n\n\n<p><\/p>\n\n\n\n<figure class=\"wp-block-image size-full\"><img loading=\"lazy\" decoding=\"async\" width=\"1170\" height=\"947\" src=\"https:\/\/family-bike-travel.fr\/wp-content\/uploads\/2025\/01\/IMG_6277-Grande.jpeg\" alt=\"\" class=\"wp-image-4820\" srcset=\"https:\/\/family-bike-travel.fr\/wp-content\/uploads\/2025\/01\/IMG_6277-Grande.jpeg 1170w, https:\/\/family-bike-travel.fr\/wp-content\/uploads\/2025\/01\/IMG_6277-Grande-300x243.jpeg 300w, https:\/\/family-bike-travel.fr\/wp-content\/uploads\/2025\/01\/IMG_6277-Grande-768x622.jpeg 768w, https:\/\/family-bike-travel.fr\/wp-content\/uploads\/2025\/01\/IMG_6277-Grande-600x486.jpeg 600w, https:\/\/family-bike-travel.fr\/wp-content\/uploads\/2025\/01\/IMG_6277-Grande-945x765.jpeg 945w\" sizes=\"auto, (max-width: 1170px) 100vw, 1170px\" \/><\/figure>\n\n\n\n<p>Il y aura un peu \u00e9cole mais aussi baignade piscine pour les enfants, petite sieste pour les parents et achat de pupusas pour midi. En fin d&rsquo;apr\u00e8s-midi nous irons voir le coucher de soleil en prenant un petit ap\u00e9ritif mais juste avant pr\u00e9paration d&rsquo;une salade de riz, en discutant avec les surfeurs qui sont intrigu\u00e9s par noter voyage.<\/p>\n\n\n\n<p><\/p>\n\n\n\n<figure class=\"wp-block-image size-full\"><img loading=\"lazy\" decoding=\"async\" width=\"1280\" height=\"960\" src=\"https:\/\/family-bike-travel.fr\/wp-content\/uploads\/2025\/01\/IMG_6275-Grande.jpeg\" alt=\"\" class=\"wp-image-4821\" srcset=\"https:\/\/family-bike-travel.fr\/wp-content\/uploads\/2025\/01\/IMG_6275-Grande.jpeg 1280w, https:\/\/family-bike-travel.fr\/wp-content\/uploads\/2025\/01\/IMG_6275-Grande-300x225.jpeg 300w, https:\/\/family-bike-travel.fr\/wp-content\/uploads\/2025\/01\/IMG_6275-Grande-768x576.jpeg 768w, https:\/\/family-bike-travel.fr\/wp-content\/uploads\/2025\/01\/IMG_6275-Grande-600x450.jpeg 600w, https:\/\/family-bike-travel.fr\/wp-content\/uploads\/2025\/01\/IMG_6275-Grande-945x709.jpeg 945w\" sizes=\"auto, (max-width: 1280px) 100vw, 1280px\" \/><\/figure>\n\n\n\n<p><\/p>\n\n\n\n<figure class=\"wp-block-image size-full\"><img loading=\"lazy\" decoding=\"async\" width=\"1280\" height=\"960\" src=\"https:\/\/family-bike-travel.fr\/wp-content\/uploads\/2025\/01\/IMG_6278-Grande.jpeg\" alt=\"\" class=\"wp-image-4822\" srcset=\"https:\/\/family-bike-travel.fr\/wp-content\/uploads\/2025\/01\/IMG_6278-Grande.jpeg 1280w, https:\/\/family-bike-travel.fr\/wp-content\/uploads\/2025\/01\/IMG_6278-Grande-300x225.jpeg 300w, https:\/\/family-bike-travel.fr\/wp-content\/uploads\/2025\/01\/IMG_6278-Grande-768x576.jpeg 768w, https:\/\/family-bike-travel.fr\/wp-content\/uploads\/2025\/01\/IMG_6278-Grande-600x450.jpeg 600w, https:\/\/family-bike-travel.fr\/wp-content\/uploads\/2025\/01\/IMG_6278-Grande-945x709.jpeg 945w\" sizes=\"auto, (max-width: 1280px) 100vw, 1280px\" \/><\/figure>\n\n\n\n<p><\/p>\n\n\n\n<figure class=\"wp-block-image size-full\"><img loading=\"lazy\" decoding=\"async\" width=\"1280\" height=\"960\" src=\"https:\/\/family-bike-travel.fr\/wp-content\/uploads\/2025\/01\/IMG_6288-Grande.jpeg\" alt=\"\" class=\"wp-image-4823\" srcset=\"https:\/\/family-bike-travel.fr\/wp-content\/uploads\/2025\/01\/IMG_6288-Grande.jpeg 1280w, https:\/\/family-bike-travel.fr\/wp-content\/uploads\/2025\/01\/IMG_6288-Grande-300x225.jpeg 300w, https:\/\/family-bike-travel.fr\/wp-content\/uploads\/2025\/01\/IMG_6288-Grande-768x576.jpeg 768w, https:\/\/family-bike-travel.fr\/wp-content\/uploads\/2025\/01\/IMG_6288-Grande-600x450.jpeg 600w, https:\/\/family-bike-travel.fr\/wp-content\/uploads\/2025\/01\/IMG_6288-Grande-945x709.jpeg 945w\" sizes=\"auto, (max-width: 1280px) 100vw, 1280px\" \/><\/figure>\n\n\n\n<p><\/p>\n\n\n\n<figure class=\"wp-block-image size-full\"><img loading=\"lazy\" decoding=\"async\" width=\"1280\" height=\"960\" src=\"https:\/\/family-bike-travel.fr\/wp-content\/uploads\/2025\/01\/IMG_6290-Grande.jpeg\" alt=\"\" class=\"wp-image-4824\" srcset=\"https:\/\/family-bike-travel.fr\/wp-content\/uploads\/2025\/01\/IMG_6290-Grande.jpeg 1280w, https:\/\/family-bike-travel.fr\/wp-content\/uploads\/2025\/01\/IMG_6290-Grande-300x225.jpeg 300w, https:\/\/family-bike-travel.fr\/wp-content\/uploads\/2025\/01\/IMG_6290-Grande-768x576.jpeg 768w, https:\/\/family-bike-travel.fr\/wp-content\/uploads\/2025\/01\/IMG_6290-Grande-600x450.jpeg 600w, https:\/\/family-bike-travel.fr\/wp-content\/uploads\/2025\/01\/IMG_6290-Grande-945x709.jpeg 945w\" sizes=\"auto, (max-width: 1280px) 100vw, 1280px\" \/><\/figure>\n\n\n\n<p>Cela fait du bien de ne rien faire pour mieux repartir le lendemain, il est important d&rsquo;\u00e9couter son corps, car nous avons besoin d&rsquo;\u00e9nergie pour continuer \u00e0 p\u00e9daler, cela fait un peu plus de 6 mois que nous sommes sur les routes et ce petit arr\u00eat nous fait du bien mais pour une journ\u00e9e. <\/p>\n\n\n\n<p><\/p>\n<\/div>","protected":false},"excerpt":{"rendered":"<p>Jour 1 Le r\u00e9veil sonne \u00e0 5h45, il est temps pour nous de repartir, le r\u00e9veil est dur pour les enfants apr\u00e8s une journ\u00e9e \u00e0 la plage la veille ils ont du mal \u00e0 se lever. Nous arrivons \u00e0 \u00eatre&#8230; <a class=\"more-link\" href=\"https:\/\/family-bike-travel.fr\/index.php\/2025\/01\/16\/j-202-j-203-plage-mizata-el-zonte-jour-off-el-zonte-35-km-700m-d-total-4449-km\/\">Continue Reading &rarr;<\/a><\/p>\n","protected":false},"author":1,"featured_media":4800,"comment_status":"open","ping_status":"open","sticky":false,"template":"","format":"standard","meta":{"footnotes":""},"categories":[29],"tags":[],"class_list":["post-4751","post","type-post","status-publish","format-standard","has-post-thumbnail","hentry","category-el-salvador"],"_links":{"self":[{"href":"https:\/\/family-bike-travel.fr\/index.php\/wp-json\/wp\/v2\/posts\/4751","targetHints":{"allow":["GET"]}}],"collection":[{"href":"https:\/\/family-bike-travel.fr\/index.php\/wp-json\/wp\/v2\/posts"}],"about":[{"href":"https:\/\/family-bike-travel.fr\/index.php\/wp-json\/wp\/v2\/types\/post"}],"author":[{"embeddable":true,"href":"https:\/\/family-bike-travel.fr\/index.php\/wp-json\/wp\/v2\/users\/1"}],"replies":[{"embeddable":true,"href":"https:\/\/family-bike-travel.fr\/index.php\/wp-json\/wp\/v2\/comments?post=4751"}],"version-history":[{"count":10,"href":"https:\/\/family-bike-travel.fr\/index.php\/wp-json\/wp\/v2\/posts\/4751\/revisions"}],"predecessor-version":[{"id":4829,"href":"https:\/\/family-bike-travel.fr\/index.php\/wp-json\/wp\/v2\/posts\/4751\/revisions\/4829"}],"wp:featuredmedia":[{"embeddable":true,"href":"https:\/\/family-bike-travel.fr\/index.php\/wp-json\/wp\/v2\/media\/4800"}],"wp:attachment":[{"href":"https:\/\/family-bike-travel.fr\/index.php\/wp-json\/wp\/v2\/media?parent=4751"}],"wp:term":[{"taxonomy":"category","embeddable":true,"href":"https:\/\/family-bike-travel.fr\/index.php\/wp-json\/wp\/v2\/categories?post=4751"},{"taxonomy":"post_tag","embeddable":true,"href":"https:\/\/family-bike-travel.fr\/index.php\/wp-json\/wp\/v2\/tags?post=4751"}],"curies":[{"name":"wp","href":"https:\/\/api.w.org\/{rel}","templated":true}]}}