{"id":2726,"date":"2024-10-02T06:00:00","date_gmt":"2024-10-02T04:00:00","guid":{"rendered":"https:\/\/family-bike-travel.fr\/?p=2726"},"modified":"2024-09-30T15:29:00","modified_gmt":"2024-09-30T13:29:00","slug":"j-99-excursion-sud-lipez-j2","status":"publish","type":"post","link":"https:\/\/family-bike-travel.fr\/index.php\/2024\/10\/02\/j-99-excursion-sud-lipez-j2\/","title":{"rendered":"J 99 excursion Sud Lipez J2\u00a0"},"content":{"rendered":"<div class=\"initial-letter\">\n<p>C\u2019est reparti pour une journ\u00e9e sur les pistes 4X4, apr\u00e8s une bonne nuit et un bon petit d\u00e9jeuner. Nous sommes les seuls \u00e0 emprunter cette piste, nous reviendrons sur la route touristique en fin de journ\u00e9e.&nbsp;<\/p>\n\n\n\n<p><\/p>\n\n\n\n<figure class=\"wp-block-image size-full\"><img decoding=\"async\" src=\"https:\/\/family-bike-travel.fr\/wp-content\/uploads\/2024\/09\/IMG_0935-2.heic\" alt=\"\" class=\"wp-image-2745\"\/><\/figure>\n\n\n\n<p><\/p>\n\n\n\n<figure class=\"wp-block-image size-full\"><img loading=\"lazy\" decoding=\"async\" width=\"1280\" height=\"720\" src=\"https:\/\/family-bike-travel.fr\/wp-content\/uploads\/2024\/09\/DJI_20240228145819_0036_D-Grande.jpeg\" alt=\"\" class=\"wp-image-2731\" srcset=\"https:\/\/family-bike-travel.fr\/wp-content\/uploads\/2024\/09\/DJI_20240228145819_0036_D-Grande.jpeg 1280w, https:\/\/family-bike-travel.fr\/wp-content\/uploads\/2024\/09\/DJI_20240228145819_0036_D-Grande-300x169.jpeg 300w, https:\/\/family-bike-travel.fr\/wp-content\/uploads\/2024\/09\/DJI_20240228145819_0036_D-Grande-768x432.jpeg 768w, https:\/\/family-bike-travel.fr\/wp-content\/uploads\/2024\/09\/DJI_20240228145819_0036_D-Grande-600x338.jpeg 600w, https:\/\/family-bike-travel.fr\/wp-content\/uploads\/2024\/09\/DJI_20240228145819_0036_D-Grande-945x532.jpeg 945w\" sizes=\"auto, (max-width: 1280px) 100vw, 1280px\" \/><\/figure>\n\n\n\n<p>En partant nous tombons sur le pikachu andino, malheureusement nous n\u2019avons pas pu le prendre en photo mais on peut vous dire qu\u2019il ressemble au c\u00e9l\u00e8bre Pok\u00e9mon.&nbsp;<\/p>\n\n\n\n<p>Les paysages sont plus arides mais nous retrouverons un peu plus de verdure en passant de petits ruisseaux et en arrivant sur un plateau plut\u00f4t vert o\u00f9 p\u00e2turent beaucoup de lamas, de moutons et de ch\u00e8vres. Notre guide Hoschin conna\u00eet bien le secteur il n\u2019a pas besoin de gps il a tout en t\u00eate, en plus nous avons une super ambiance avec la musique \u00e0 fond les enfants adorent.&nbsp;<\/p>\n\n\n\n<p><\/p>\n\n\n\n<figure class=\"wp-block-image size-full\"><img loading=\"lazy\" decoding=\"async\" width=\"1280\" height=\"720\" src=\"https:\/\/family-bike-travel.fr\/wp-content\/uploads\/2024\/09\/DJI_20240228094141_0014_D-Grande.jpeg\" alt=\"\" class=\"wp-image-2732\" srcset=\"https:\/\/family-bike-travel.fr\/wp-content\/uploads\/2024\/09\/DJI_20240228094141_0014_D-Grande.jpeg 1280w, https:\/\/family-bike-travel.fr\/wp-content\/uploads\/2024\/09\/DJI_20240228094141_0014_D-Grande-300x169.jpeg 300w, https:\/\/family-bike-travel.fr\/wp-content\/uploads\/2024\/09\/DJI_20240228094141_0014_D-Grande-768x432.jpeg 768w, https:\/\/family-bike-travel.fr\/wp-content\/uploads\/2024\/09\/DJI_20240228094141_0014_D-Grande-600x338.jpeg 600w, https:\/\/family-bike-travel.fr\/wp-content\/uploads\/2024\/09\/DJI_20240228094141_0014_D-Grande-945x532.jpeg 945w\" sizes=\"auto, (max-width: 1280px) 100vw, 1280px\" \/><\/figure>\n\n\n\n<p>Nous faisons beaucoup de km, nous n\u2019avons pas l\u2019habitude de rester si inactif, les petits arr\u00eats photos et pipis permettent de se d\u00e9gourdir les jambes.&nbsp;<\/p>\n\n\n\n<p>Nous sommes vraiment au milieu de rien, et l\u00e0 nous arrivons dans un petit village d\u2019o\u00f9 est originaire Hoschin: il est dernier de 12 enfants (7 filles et 5 gar\u00e7ons) et une partie de cette grande famille habite un quartier du village il nous explique qu\u2019il a aider \u00e0 faire le chemin qui m\u00e8ne \u00e0 son village avec ces fr\u00e8res en utilisant des pioches et des pelles \u00e0 l\u2019\u00e2ge de 10 ans . Nous mangerons donc chez ses parents Anastasio et Mercedes qui sont encore en tr\u00e8s bonne forme et qui s\u2019occupent de la ferme. Xavier en profitera pour lui faire des vues de la maison avec le drone. Nous irons nous d\u00e9gourdir les jambes&nbsp; avant de reprendre la voiture un peu plus loin. Nous reprenons la route direction les lagunes et la premi\u00e8re sera la lagune de patamucho : nous donnerions plus le nom de lac de montagnes que de lagune \u00e0 proprement parler.&nbsp;<\/p>\n\n\n\n<p><\/p>\n\n\n\n<figure class=\"wp-block-image size-full\"><img decoding=\"async\" src=\"https:\/\/family-bike-travel.fr\/wp-content\/uploads\/2024\/09\/IMG_5290.heic\" alt=\"\" class=\"wp-image-2738\"\/><\/figure>\n\n\n\n<p><\/p>\n\n\n\n<figure class=\"wp-block-gallery has-nested-images columns-1 is-cropped wp-block-gallery-1 is-layout-flex wp-block-gallery-is-layout-flex\">\n<figure class=\"wp-block-image size-large\"><img loading=\"lazy\" decoding=\"async\" width=\"1280\" height=\"720\" data-id=\"2733\" src=\"https:\/\/family-bike-travel.fr\/wp-content\/uploads\/2024\/09\/DJI_20240228133530_0028_D-Grande.jpeg\" alt=\"\" class=\"wp-image-2733\" srcset=\"https:\/\/family-bike-travel.fr\/wp-content\/uploads\/2024\/09\/DJI_20240228133530_0028_D-Grande.jpeg 1280w, https:\/\/family-bike-travel.fr\/wp-content\/uploads\/2024\/09\/DJI_20240228133530_0028_D-Grande-300x169.jpeg 300w, https:\/\/family-bike-travel.fr\/wp-content\/uploads\/2024\/09\/DJI_20240228133530_0028_D-Grande-768x432.jpeg 768w, https:\/\/family-bike-travel.fr\/wp-content\/uploads\/2024\/09\/DJI_20240228133530_0028_D-Grande-600x338.jpeg 600w, https:\/\/family-bike-travel.fr\/wp-content\/uploads\/2024\/09\/DJI_20240228133530_0028_D-Grande-945x532.jpeg 945w\" sizes=\"auto, (max-width: 1280px) 100vw, 1280px\" \/><\/figure>\n\n\n\n<figure class=\"wp-block-image size-full\"><img loading=\"lazy\" decoding=\"async\" width=\"1280\" height=\"720\" data-id=\"2734\" src=\"https:\/\/family-bike-travel.fr\/wp-content\/uploads\/2024\/09\/DJI_20240228133632_0032_D-Grande.jpeg\" alt=\"\" class=\"wp-image-2734\" srcset=\"https:\/\/family-bike-travel.fr\/wp-content\/uploads\/2024\/09\/DJI_20240228133632_0032_D-Grande.jpeg 1280w, https:\/\/family-bike-travel.fr\/wp-content\/uploads\/2024\/09\/DJI_20240228133632_0032_D-Grande-300x169.jpeg 300w, https:\/\/family-bike-travel.fr\/wp-content\/uploads\/2024\/09\/DJI_20240228133632_0032_D-Grande-768x432.jpeg 768w, https:\/\/family-bike-travel.fr\/wp-content\/uploads\/2024\/09\/DJI_20240228133632_0032_D-Grande-600x338.jpeg 600w, https:\/\/family-bike-travel.fr\/wp-content\/uploads\/2024\/09\/DJI_20240228133632_0032_D-Grande-945x532.jpeg 945w\" sizes=\"auto, (max-width: 1280px) 100vw, 1280px\" \/><\/figure>\n<\/figure>\n\n\n\n<p><\/p>\n\n\n\n<p>Ensuite direction la lagune c\u00e9leste au pied du volcan Turuncu qui culmine \u00e0 6800 m d\u2019altitude, qui est donc le plus haut sommet de la Bolivie.&nbsp;<\/p>\n\n\n\n<p><\/p>\n\n\n\n<figure class=\"wp-block-image size-full\"><img decoding=\"async\" src=\"https:\/\/family-bike-travel.fr\/wp-content\/uploads\/2024\/09\/IMG_5307.heic\" alt=\"\" class=\"wp-image-2735\"\/><\/figure>\n\n\n\n<p><\/p>\n\n\n\n<figure class=\"wp-block-image size-full\"><img decoding=\"async\" src=\"https:\/\/family-bike-travel.fr\/wp-content\/uploads\/2024\/09\/IMG_5252.heic\" alt=\"\" class=\"wp-image-2736\"\/><\/figure>\n\n\n\n<p><\/p>\n\n\n\n<figure class=\"wp-block-image size-full\"><img decoding=\"async\" src=\"https:\/\/family-bike-travel.fr\/wp-content\/uploads\/2024\/09\/IMG_0957-2.heic\" alt=\"\" class=\"wp-image-2737\"\/><\/figure>\n\n\n\n<p>L\u2019eau ni est pas chaude, c\u2019est le Rio \u00e0 c\u00f4t\u00e9 qui profite de la chaleur du volcan: la temp\u00e9rature permet aux truites de pouvoir s\u2019\u00e9panouir.&nbsp;<\/p>\n\n\n\n<p><\/p>\n\n\n\n<figure class=\"wp-block-image size-full\"><img loading=\"lazy\" decoding=\"async\" width=\"720\" height=\"1280\" src=\"https:\/\/family-bike-travel.fr\/wp-content\/uploads\/2024\/09\/DJI_20240228170032_0079_D-Grande.jpeg\" alt=\"\" class=\"wp-image-2739\" srcset=\"https:\/\/family-bike-travel.fr\/wp-content\/uploads\/2024\/09\/DJI_20240228170032_0079_D-Grande.jpeg 720w, https:\/\/family-bike-travel.fr\/wp-content\/uploads\/2024\/09\/DJI_20240228170032_0079_D-Grande-169x300.jpeg 169w, https:\/\/family-bike-travel.fr\/wp-content\/uploads\/2024\/09\/DJI_20240228170032_0079_D-Grande-600x1067.jpeg 600w\" sizes=\"auto, (max-width: 720px) 100vw, 720px\" \/><\/figure>\n\n\n\n<p><\/p>\n\n\n\n<figure class=\"wp-block-image size-full\"><img loading=\"lazy\" decoding=\"async\" width=\"1280\" height=\"720\" src=\"https:\/\/family-bike-travel.fr\/wp-content\/uploads\/2024\/09\/DJI_20240228170152_0083_D-Grande.jpeg\" alt=\"\" class=\"wp-image-2740\" srcset=\"https:\/\/family-bike-travel.fr\/wp-content\/uploads\/2024\/09\/DJI_20240228170152_0083_D-Grande.jpeg 1280w, https:\/\/family-bike-travel.fr\/wp-content\/uploads\/2024\/09\/DJI_20240228170152_0083_D-Grande-300x169.jpeg 300w, https:\/\/family-bike-travel.fr\/wp-content\/uploads\/2024\/09\/DJI_20240228170152_0083_D-Grande-768x432.jpeg 768w, https:\/\/family-bike-travel.fr\/wp-content\/uploads\/2024\/09\/DJI_20240228170152_0083_D-Grande-600x338.jpeg 600w, https:\/\/family-bike-travel.fr\/wp-content\/uploads\/2024\/09\/DJI_20240228170152_0083_D-Grande-945x532.jpeg 945w\" sizes=\"auto, (max-width: 1280px) 100vw, 1280px\" \/><\/figure>\n\n\n\n<p><\/p>\n\n\n\n<figure class=\"wp-block-image size-full\"><img loading=\"lazy\" decoding=\"async\" width=\"1280\" height=\"720\" src=\"https:\/\/family-bike-travel.fr\/wp-content\/uploads\/2024\/09\/DJI_20240228171019_0106_D-Grande.jpeg\" alt=\"\" class=\"wp-image-2741\" srcset=\"https:\/\/family-bike-travel.fr\/wp-content\/uploads\/2024\/09\/DJI_20240228171019_0106_D-Grande.jpeg 1280w, https:\/\/family-bike-travel.fr\/wp-content\/uploads\/2024\/09\/DJI_20240228171019_0106_D-Grande-300x169.jpeg 300w, https:\/\/family-bike-travel.fr\/wp-content\/uploads\/2024\/09\/DJI_20240228171019_0106_D-Grande-768x432.jpeg 768w, https:\/\/family-bike-travel.fr\/wp-content\/uploads\/2024\/09\/DJI_20240228171019_0106_D-Grande-600x338.jpeg 600w, https:\/\/family-bike-travel.fr\/wp-content\/uploads\/2024\/09\/DJI_20240228171019_0106_D-Grande-945x532.jpeg 945w\" sizes=\"auto, (max-width: 1280px) 100vw, 1280px\" \/><\/figure>\n\n\n\n<p><\/p>\n\n\n\n<figure class=\"wp-block-image size-full\"><img decoding=\"async\" src=\"https:\/\/family-bike-travel.fr\/wp-content\/uploads\/2024\/09\/IMG_5394.heic\" alt=\"\" class=\"wp-image-2742\"\/><\/figure>\n\n\n\n<p><\/p>\n\n\n\n<figure class=\"wp-block-gallery has-nested-images columns-default is-cropped wp-block-gallery-2 is-layout-flex wp-block-gallery-is-layout-flex\">\n<figure class=\"wp-block-image size-large\"><img loading=\"lazy\" decoding=\"async\" width=\"1080\" height=\"2400\" data-id=\"2758\" src=\"https:\/\/family-bike-travel.fr\/wp-content\/uploads\/2024\/09\/Screenshot_2024-09-30-07-18-02-623_com.miui_.gallery.jpg\" alt=\"\" class=\"wp-image-2758\" srcset=\"https:\/\/family-bike-travel.fr\/wp-content\/uploads\/2024\/09\/Screenshot_2024-09-30-07-18-02-623_com.miui_.gallery.jpg 1080w, https:\/\/family-bike-travel.fr\/wp-content\/uploads\/2024\/09\/Screenshot_2024-09-30-07-18-02-623_com.miui_.gallery-135x300.jpg 135w, https:\/\/family-bike-travel.fr\/wp-content\/uploads\/2024\/09\/Screenshot_2024-09-30-07-18-02-623_com.miui_.gallery-768x1707.jpg 768w, https:\/\/family-bike-travel.fr\/wp-content\/uploads\/2024\/09\/Screenshot_2024-09-30-07-18-02-623_com.miui_.gallery-691x1536.jpg 691w, https:\/\/family-bike-travel.fr\/wp-content\/uploads\/2024\/09\/Screenshot_2024-09-30-07-18-02-623_com.miui_.gallery-922x2048.jpg 922w, https:\/\/family-bike-travel.fr\/wp-content\/uploads\/2024\/09\/Screenshot_2024-09-30-07-18-02-623_com.miui_.gallery-600x1333.jpg 600w, https:\/\/family-bike-travel.fr\/wp-content\/uploads\/2024\/09\/Screenshot_2024-09-30-07-18-02-623_com.miui_.gallery-945x2100.jpg 945w\" sizes=\"auto, (max-width: 1080px) 100vw, 1080px\" \/><\/figure>\n\n\n\n<figure class=\"wp-block-image size-large\"><img loading=\"lazy\" decoding=\"async\" width=\"663\" height=\"1472\" data-id=\"2760\" src=\"https:\/\/family-bike-travel.fr\/wp-content\/uploads\/2024\/09\/Screenshot_2024-09-30-07-18-23-858_com.miui_.gallery-2-edited.jpg\" alt=\"\" class=\"wp-image-2760\" srcset=\"https:\/\/family-bike-travel.fr\/wp-content\/uploads\/2024\/09\/Screenshot_2024-09-30-07-18-23-858_com.miui_.gallery-2-edited.jpg 663w, https:\/\/family-bike-travel.fr\/wp-content\/uploads\/2024\/09\/Screenshot_2024-09-30-07-18-23-858_com.miui_.gallery-2-edited-135x300.jpg 135w, https:\/\/family-bike-travel.fr\/wp-content\/uploads\/2024\/09\/Screenshot_2024-09-30-07-18-23-858_com.miui_.gallery-2-edited-600x1332.jpg 600w\" sizes=\"auto, (max-width: 663px) 100vw, 663px\" \/><\/figure>\n<\/figure>\n\n\n\n<p>Nous faisons pas mal de route donc nous avons encore 2h30 avant d\u2019arriver \u00e0 notre hostal.&nbsp;<\/p>\n\n\n\n<p><\/p>\n\n\n\n<figure class=\"wp-block-image size-full\"><img decoding=\"async\" src=\"https:\/\/family-bike-travel.fr\/wp-content\/uploads\/2024\/09\/IMG_5344.heic\" alt=\"\" class=\"wp-image-2743\"\/><\/figure>\n\n\n\n<p><\/p>\n\n\n\n<p><\/p>\n\n\n\n<figure class=\"wp-block-image size-full\"><img decoding=\"async\" src=\"https:\/\/family-bike-travel.fr\/wp-content\/uploads\/2024\/09\/IMG_0914-2.heic\" alt=\"\" class=\"wp-image-2744\"\/><\/figure>\n\n\n\n<p>Nous arriverons au coucher du soleil avec un vent fort, l\u2019hostal d\u2019ext\u00e9rieur para\u00eet petit et nous nous demandons o\u00f9 nous arrivons : finalement apr\u00e8s avoir pass\u00e9 la porte il y a pas mal de chambres, il y fait chaud et nous serons avec d\u2019autres touristes fran\u00e7ais de d\u2019autres agences. Nous aurons une chambre par famille, et prendrons un go\u00fbter bien m\u00e9rit\u00e9 apr\u00e8s cette longue journ\u00e9e. C\u00e9line et Nathan iront voir si une tienda est ouverte mais reviennent bredouille. La nuit \u00e9tant tomb\u00e9e c\u2019est notre guide Hoschin qui emm\u00e8nera C\u00e9line faire 2\/3 courses.&nbsp;<\/p>\n\n\n\n<p>Nous mangerons tous ensemble avant d\u2019aller coucher les enfants car les parents des 2 familles iront avec les 2 guides pour une surprise: des photos en lightpainting avec un ciel \u00e9toil\u00e9 et la Voie lact\u00e9e comme d\u00e9cor. Nous aurons extr\u00eamement froid mais nous passerons un super moment et le rendu nous ferons de merveilleux souvenirs.&nbsp;<\/p>\n\n\n\n<p><\/p>\n\n\n\n<figure class=\"wp-block-image size-full\"><img loading=\"lazy\" decoding=\"async\" width=\"1152\" height=\"2560\" src=\"https:\/\/family-bike-travel.fr\/wp-content\/uploads\/2024\/09\/IMG_20240927_211759-2-scaled.jpg\" alt=\"\" class=\"wp-image-2751\" srcset=\"https:\/\/family-bike-travel.fr\/wp-content\/uploads\/2024\/09\/IMG_20240927_211759-2-scaled.jpg 1152w, https:\/\/family-bike-travel.fr\/wp-content\/uploads\/2024\/09\/IMG_20240927_211759-2-135x300.jpg 135w, https:\/\/family-bike-travel.fr\/wp-content\/uploads\/2024\/09\/IMG_20240927_211759-2-768x1707.jpg 768w, https:\/\/family-bike-travel.fr\/wp-content\/uploads\/2024\/09\/IMG_20240927_211759-2-691x1536.jpg 691w, https:\/\/family-bike-travel.fr\/wp-content\/uploads\/2024\/09\/IMG_20240927_211759-2-922x2048.jpg 922w, https:\/\/family-bike-travel.fr\/wp-content\/uploads\/2024\/09\/IMG_20240927_211759-2-600x1333.jpg 600w, https:\/\/family-bike-travel.fr\/wp-content\/uploads\/2024\/09\/IMG_20240927_211759-2-945x2100.jpg 945w, https:\/\/family-bike-travel.fr\/wp-content\/uploads\/2024\/09\/IMG_20240927_211759-2-1320x2933.jpg 1320w\" sizes=\"auto, (max-width: 1152px) 100vw, 1152px\" \/><\/figure>\n\n\n\n<p><\/p>\n\n\n\n<figure class=\"wp-block-image size-full\"><img loading=\"lazy\" decoding=\"async\" width=\"1152\" height=\"2560\" src=\"https:\/\/family-bike-travel.fr\/wp-content\/uploads\/2024\/09\/IMG_20240927_212710-scaled.jpg\" alt=\"\" class=\"wp-image-2752\" srcset=\"https:\/\/family-bike-travel.fr\/wp-content\/uploads\/2024\/09\/IMG_20240927_212710-scaled.jpg 1152w, https:\/\/family-bike-travel.fr\/wp-content\/uploads\/2024\/09\/IMG_20240927_212710-135x300.jpg 135w, https:\/\/family-bike-travel.fr\/wp-content\/uploads\/2024\/09\/IMG_20240927_212710-768x1707.jpg 768w, https:\/\/family-bike-travel.fr\/wp-content\/uploads\/2024\/09\/IMG_20240927_212710-691x1536.jpg 691w, https:\/\/family-bike-travel.fr\/wp-content\/uploads\/2024\/09\/IMG_20240927_212710-922x2048.jpg 922w, https:\/\/family-bike-travel.fr\/wp-content\/uploads\/2024\/09\/IMG_20240927_212710-600x1333.jpg 600w, https:\/\/family-bike-travel.fr\/wp-content\/uploads\/2024\/09\/IMG_20240927_212710-945x2100.jpg 945w, https:\/\/family-bike-travel.fr\/wp-content\/uploads\/2024\/09\/IMG_20240927_212710-1320x2933.jpg 1320w\" sizes=\"auto, (max-width: 1152px) 100vw, 1152px\" \/><\/figure>\n\n\n\n<p><\/p>\n\n\n\n<figure class=\"wp-block-image size-full\"><img loading=\"lazy\" decoding=\"async\" width=\"1152\" height=\"2560\" src=\"https:\/\/family-bike-travel.fr\/wp-content\/uploads\/2024\/09\/IMG_20240927_210729-scaled.jpg\" alt=\"\" class=\"wp-image-2753\" srcset=\"https:\/\/family-bike-travel.fr\/wp-content\/uploads\/2024\/09\/IMG_20240927_210729-scaled.jpg 1152w, https:\/\/family-bike-travel.fr\/wp-content\/uploads\/2024\/09\/IMG_20240927_210729-135x300.jpg 135w, https:\/\/family-bike-travel.fr\/wp-content\/uploads\/2024\/09\/IMG_20240927_210729-768x1707.jpg 768w, https:\/\/family-bike-travel.fr\/wp-content\/uploads\/2024\/09\/IMG_20240927_210729-691x1536.jpg 691w, https:\/\/family-bike-travel.fr\/wp-content\/uploads\/2024\/09\/IMG_20240927_210729-922x2048.jpg 922w, https:\/\/family-bike-travel.fr\/wp-content\/uploads\/2024\/09\/IMG_20240927_210729-600x1333.jpg 600w, https:\/\/family-bike-travel.fr\/wp-content\/uploads\/2024\/09\/IMG_20240927_210729-945x2100.jpg 945w, https:\/\/family-bike-travel.fr\/wp-content\/uploads\/2024\/09\/IMG_20240927_210729-1320x2933.jpg 1320w\" sizes=\"auto, (max-width: 1152px) 100vw, 1152px\" \/><\/figure>\n\n\n\n<p><\/p>\n\n\n\n<figure class=\"wp-block-image size-full\"><img loading=\"lazy\" decoding=\"async\" width=\"1152\" height=\"2560\" src=\"https:\/\/family-bike-travel.fr\/wp-content\/uploads\/2024\/09\/IMG_20240927_213027-scaled.jpg\" alt=\"\" class=\"wp-image-2754\" srcset=\"https:\/\/family-bike-travel.fr\/wp-content\/uploads\/2024\/09\/IMG_20240927_213027-scaled.jpg 1152w, https:\/\/family-bike-travel.fr\/wp-content\/uploads\/2024\/09\/IMG_20240927_213027-135x300.jpg 135w, https:\/\/family-bike-travel.fr\/wp-content\/uploads\/2024\/09\/IMG_20240927_213027-768x1707.jpg 768w, https:\/\/family-bike-travel.fr\/wp-content\/uploads\/2024\/09\/IMG_20240927_213027-691x1536.jpg 691w, https:\/\/family-bike-travel.fr\/wp-content\/uploads\/2024\/09\/IMG_20240927_213027-922x2048.jpg 922w, https:\/\/family-bike-travel.fr\/wp-content\/uploads\/2024\/09\/IMG_20240927_213027-600x1333.jpg 600w, https:\/\/family-bike-travel.fr\/wp-content\/uploads\/2024\/09\/IMG_20240927_213027-945x2100.jpg 945w, https:\/\/family-bike-travel.fr\/wp-content\/uploads\/2024\/09\/IMG_20240927_213027-1320x2933.jpg 1320w\" sizes=\"auto, (max-width: 1152px) 100vw, 1152px\" \/><\/figure>\n\n\n\n<p><\/p>\n\n\n\n<figure class=\"wp-block-image size-full\"><img decoding=\"async\" src=\"https:\/\/family-bike-travel.fr\/wp-content\/uploads\/2024\/09\/IMG_5410.heic\" alt=\"\" class=\"wp-image-2756\"\/><\/figure>\n\n\n\n<p>Nous irons tous nous coucher car d\u2019autres magnifiques paysages nous attendent demain. Petite anecdote : pour les lits pas besoin de sommiers, c\u2019est de la brique et du b\u00e9ton avec le matelas pos\u00e9 dessus, par contre il ne faut pas vouloir le changer de place.&nbsp;<\/p>\n\n\n\n<p><\/p>\n\n\n\n<figure class=\"wp-block-image size-full\"><img decoding=\"async\" src=\"https:\/\/family-bike-travel.fr\/wp-content\/uploads\/2024\/09\/IMG_0998.heic\" alt=\"\" class=\"wp-image-2755\"\/><\/figure>\n<\/div>","protected":false},"excerpt":{"rendered":"<p>C\u2019est reparti pour une journ\u00e9e sur les pistes 4X4, apr\u00e8s une bonne nuit et un bon petit d\u00e9jeuner. Nous sommes les seuls \u00e0 emprunter cette piste, nous reviendrons sur la route touristique en fin de journ\u00e9e.&nbsp; En partant nous tombons&#8230; <a class=\"more-link\" href=\"https:\/\/family-bike-travel.fr\/index.php\/2024\/10\/02\/j-99-excursion-sud-lipez-j2\/\">Continue Reading &rarr;<\/a><\/p>\n","protected":false},"author":1,"featured_media":2730,"comment_status":"open","ping_status":"open","sticky":false,"template":"","format":"standard","meta":{"footnotes":""},"categories":[14],"tags":[],"class_list":["post-2726","post","type-post","status-publish","format-standard","has-post-thumbnail","hentry","category-bolivie"],"_links":{"self":[{"href":"https:\/\/family-bike-travel.fr\/index.php\/wp-json\/wp\/v2\/posts\/2726","targetHints":{"allow":["GET"]}}],"collection":[{"href":"https:\/\/family-bike-travel.fr\/index.php\/wp-json\/wp\/v2\/posts"}],"about":[{"href":"https:\/\/family-bike-travel.fr\/index.php\/wp-json\/wp\/v2\/types\/post"}],"author":[{"embeddable":true,"href":"https:\/\/family-bike-travel.fr\/index.php\/wp-json\/wp\/v2\/users\/1"}],"replies":[{"embeddable":true,"href":"https:\/\/family-bike-travel.fr\/index.php\/wp-json\/wp\/v2\/comments?post=2726"}],"version-history":[{"count":2,"href":"https:\/\/family-bike-travel.fr\/index.php\/wp-json\/wp\/v2\/posts\/2726\/revisions"}],"predecessor-version":[{"id":2761,"href":"https:\/\/family-bike-travel.fr\/index.php\/wp-json\/wp\/v2\/posts\/2726\/revisions\/2761"}],"wp:featuredmedia":[{"embeddable":true,"href":"https:\/\/family-bike-travel.fr\/index.php\/wp-json\/wp\/v2\/media\/2730"}],"wp:attachment":[{"href":"https:\/\/family-bike-travel.fr\/index.php\/wp-json\/wp\/v2\/media?parent=2726"}],"wp:term":[{"taxonomy":"category","embeddable":true,"href":"https:\/\/family-bike-travel.fr\/index.php\/wp-json\/wp\/v2\/categories?post=2726"},{"taxonomy":"post_tag","embeddable":true,"href":"https:\/\/family-bike-travel.fr\/index.php\/wp-json\/wp\/v2\/tags?post=2726"}],"curies":[{"name":"wp","href":"https:\/\/api.w.org\/{rel}","templated":true}]}}