{"id":2692,"date":"2024-10-01T06:00:00","date_gmt":"2024-10-01T04:00:00","guid":{"rendered":"https:\/\/family-bike-travel.fr\/?p=2692"},"modified":"2024-10-01T06:26:12","modified_gmt":"2024-10-01T04:26:12","slug":"j-98-excursion-sud-lipez-j1","status":"publish","type":"post","link":"https:\/\/family-bike-travel.fr\/index.php\/2024\/10\/01\/j-98-excursion-sud-lipez-j1\/","title":{"rendered":"J 98 Excursion Sud Lipez J1"},"content":{"rendered":"<div class=\"initial-letter\">\n<p>Pas de v\u00e9los pour nous durant 4 jours, nous allons visiter le Sud Lipez en 4X4 avec la famille Les Brullac \u00e0 v\u00e9los.&nbsp;<\/p>\n\n\n\n<p><\/p>\n\n\n\n<figure class=\"wp-block-image size-full\"><img decoding=\"async\" src=\"https:\/\/family-bike-travel.fr\/wp-content\/uploads\/2024\/10\/IMG_0807-2.heic\" alt=\"\" class=\"wp-image-2723\"\/><\/figure>\n\n\n\n<p>Nos montures seront mis chez notre guide et nous n\u2019aurons que le n\u00e9cessaire pour ces 4 jours cela va nous changer.&nbsp;<\/p>\n\n\n\n<p>Le d\u00e9part se fera de l\u2019h\u00f4tel pour aller d\u00e9poser les v\u00e9los, nous profitons des v\u00e9hicules pour mettre toutes les sacoches et rouler \u00e0 vide : c\u2019est une dr\u00f4le de sensation. Ensuite nous nous arr\u00eaterons pour faire monter Val\u00e9ria qui sera notre cuisini\u00e8re.&nbsp;<\/p>\n\n\n\n<p><\/p>\n\n\n\n<figure class=\"wp-block-image size-full\"><img decoding=\"async\" src=\"https:\/\/family-bike-travel.fr\/wp-content\/uploads\/2024\/09\/IMG_0813-3-2.heic\" alt=\"\" class=\"wp-image-2697\"\/><\/figure>\n\n\n\n<p>Ensuite direction el Silla pour notre premier arr\u00eat, ce sont des formations rocheuses de diff\u00e9rentes couleurs nous voyons la montagne cerro nacanero qui culmine \u00e0 4400m et il y a une seule exploitation mini\u00e8re celle de l\u2019or, pas d\u2019autres dans ce secteur car c\u2019est un endroit prot\u00e9g\u00e9. Nous n\u2019empruntons que des pistes 4X4, nous n\u2019aurions pas pu le faire \u00e0 v\u00e9lo. Nous faisons plusieurs arr\u00eats photos, c\u2019est plaisant de se faire conduire.&nbsp;<\/p>\n\n\n\n<p><\/p>\n\n\n\n<figure class=\"wp-block-image size-full\"><img decoding=\"async\" src=\"https:\/\/family-bike-travel.fr\/wp-content\/uploads\/2024\/09\/IMG_0823-3.heic\" alt=\"\" class=\"wp-image-2698\"\/><\/figure>\n\n\n\n<p><\/p>\n\n\n\n<p><\/p>\n\n\n\n<figure class=\"wp-block-gallery has-nested-images columns-2 is-cropped wp-block-gallery-1 is-layout-flex wp-block-gallery-is-layout-flex\">\n<figure class=\"wp-block-image size-large\"><img decoding=\"async\" data-id=\"2699\" src=\"https:\/\/family-bike-travel.fr\/wp-content\/uploads\/2024\/09\/IMG_0827-2.heic\" alt=\"\" class=\"wp-image-2699\"\/><\/figure>\n\n\n\n<figure class=\"wp-block-image size-large\"><img decoding=\"async\" data-id=\"2701\" src=\"https:\/\/family-bike-travel.fr\/wp-content\/uploads\/2024\/09\/IMG_0832.heic\" alt=\"\" class=\"wp-image-2701\"\/><\/figure>\n\n\n\n<figure class=\"wp-block-image size-large\"><img decoding=\"async\" data-id=\"2700\" src=\"https:\/\/family-bike-travel.fr\/wp-content\/uploads\/2024\/09\/IMG_0836.heic\" alt=\"\" class=\"wp-image-2700\"\/><\/figure>\n<\/figure>\n\n\n\n<p>Arriv\u00e9e dans un petit village nous nous arr\u00eatons pour manger, nous n\u2019avons plus qu\u2019\u00e0 mettre les pieds sous la table, pour nous rendre \u00e0 la ciudad del encanto.&nbsp;<\/p>\n\n\n\n<p><\/p>\n\n\n\n<figure class=\"wp-block-image size-full\"><img loading=\"lazy\" decoding=\"async\" width=\"1600\" height=\"1476\" src=\"https:\/\/family-bike-travel.fr\/wp-content\/uploads\/2024\/09\/PHOTO-2024-09-29-19-55-03.jpg\" alt=\"\" class=\"wp-image-2707\" srcset=\"https:\/\/family-bike-travel.fr\/wp-content\/uploads\/2024\/09\/PHOTO-2024-09-29-19-55-03.jpg 1600w, https:\/\/family-bike-travel.fr\/wp-content\/uploads\/2024\/09\/PHOTO-2024-09-29-19-55-03-300x277.jpg 300w, https:\/\/family-bike-travel.fr\/wp-content\/uploads\/2024\/09\/PHOTO-2024-09-29-19-55-03-768x708.jpg 768w, https:\/\/family-bike-travel.fr\/wp-content\/uploads\/2024\/09\/PHOTO-2024-09-29-19-55-03-1536x1417.jpg 1536w, https:\/\/family-bike-travel.fr\/wp-content\/uploads\/2024\/09\/PHOTO-2024-09-29-19-55-03-600x554.jpg 600w, https:\/\/family-bike-travel.fr\/wp-content\/uploads\/2024\/09\/PHOTO-2024-09-29-19-55-03-945x872.jpg 945w, https:\/\/family-bike-travel.fr\/wp-content\/uploads\/2024\/09\/PHOTO-2024-09-29-19-55-03-1320x1218.jpg 1320w\" sizes=\"auto, (max-width: 1600px) 100vw, 1600px\" \/><\/figure>\n\n\n\n<p><\/p>\n\n\n\n<figure class=\"wp-block-image size-full\"><img decoding=\"async\" src=\"https:\/\/family-bike-travel.fr\/wp-content\/uploads\/2024\/09\/IMG_0845.heic\" alt=\"\" class=\"wp-image-2702\"\/><\/figure>\n\n\n\n<p><\/p>\n\n\n\n<figure class=\"wp-block-image size-full\"><img decoding=\"async\" src=\"https:\/\/family-bike-travel.fr\/wp-content\/uploads\/2024\/09\/IMG_0837-2.heic\" alt=\"\" class=\"wp-image-2703\"\/><\/figure>\n\n\n\n<p>Nous nous retrouvons un peu dans un d\u00e9cor de star wars, cette couleur sable et ces formations sont \u00e9tonnante, elles ont creus\u00e9 d\u2019ailleurs des cavit\u00e9s o\u00f9 certains animaux viennent y trouver refuge comme le Puma, le chat des Andes (\u00e9quivalent du lynx) ou encore le condor. C\u2019est une roche friable, m\u00e9lange d\u2019argile de sable et de certains min\u00e9raux.&nbsp;<\/p>\n\n\n\n<p><\/p>\n\n\n\n<figure class=\"wp-block-image size-full\"><img loading=\"lazy\" decoding=\"async\" width=\"1280\" height=\"901\" src=\"https:\/\/family-bike-travel.fr\/wp-content\/uploads\/2024\/09\/DJI_20240227142431_0020_D-Grande.jpeg\" alt=\"\" class=\"wp-image-2695\" srcset=\"https:\/\/family-bike-travel.fr\/wp-content\/uploads\/2024\/09\/DJI_20240227142431_0020_D-Grande.jpeg 1280w, https:\/\/family-bike-travel.fr\/wp-content\/uploads\/2024\/09\/DJI_20240227142431_0020_D-Grande-300x211.jpeg 300w, https:\/\/family-bike-travel.fr\/wp-content\/uploads\/2024\/09\/DJI_20240227142431_0020_D-Grande-768x541.jpeg 768w, https:\/\/family-bike-travel.fr\/wp-content\/uploads\/2024\/09\/DJI_20240227142431_0020_D-Grande-600x422.jpeg 600w, https:\/\/family-bike-travel.fr\/wp-content\/uploads\/2024\/09\/DJI_20240227142431_0020_D-Grande-945x665.jpeg 945w\" sizes=\"auto, (max-width: 1280px) 100vw, 1280px\" \/><\/figure>\n\n\n\n<p><\/p>\n\n\n\n<figure class=\"wp-block-gallery has-nested-images columns-2 is-cropped wp-block-gallery-2 is-layout-flex wp-block-gallery-is-layout-flex\">\n<figure class=\"wp-block-image size-full\"><img decoding=\"async\" data-id=\"2704\" src=\"https:\/\/family-bike-travel.fr\/wp-content\/uploads\/2024\/09\/IMG_0850-2.heic\" alt=\"\" class=\"wp-image-2704\"\/><\/figure>\n\n\n\n<figure class=\"wp-block-image size-full\"><img decoding=\"async\" data-id=\"2705\" src=\"https:\/\/family-bike-travel.fr\/wp-content\/uploads\/2024\/09\/IMG_5084.heic\" alt=\"\" class=\"wp-image-2705\"\/><\/figure>\n\n\n\n<figure class=\"wp-block-image size-full\"><img decoding=\"async\" data-id=\"2706\" src=\"https:\/\/family-bike-travel.fr\/wp-content\/uploads\/2024\/09\/IMG_5090.heic\" alt=\"\" class=\"wp-image-2706\"\/><\/figure>\n<\/figure>\n\n\n\n<p><\/p>\n\n\n\n<p><\/p>\n\n\n\n<figure class=\"wp-block-image size-full\"><img decoding=\"async\" src=\"https:\/\/family-bike-travel.fr\/wp-content\/uploads\/2024\/09\/IMG_5099.heic\" alt=\"\" class=\"wp-image-2708\"\/><\/figure>\n\n\n\n<p>Sur la route nous pouvons voir quelques mines de cuivre, zinc, plomb et des animaux telles que le vicu\u00f1a, les traditionnels lamas, \u00e9tonnamment des tatous, des autruches dont nous n\u2019avons vu que les panneaux les signalants. Il y a aussi des n\u00e9v\u00e9s de neige car en saison des pluies il y a de la neige \u00e0 cette altitude, le cerro Bonete en garde quelques uns, notre guide nous dit que c\u2019est la premi\u00e8re ann\u00e9e o\u00f9 la neige n\u2019est pas tomb\u00e9 autant que les ann\u00e9es pr\u00e9c\u00e9dentes Nous passerons par la capitale du Sud Lipez : San Pablo de Lipez.&nbsp;<\/p>\n\n\n\n<p><\/p>\n\n\n\n<figure class=\"wp-block-image size-full\"><img decoding=\"async\" src=\"https:\/\/family-bike-travel.fr\/wp-content\/uploads\/2024\/09\/IMG_0868-2.heic\" alt=\"\" class=\"wp-image-2709\"\/><\/figure>\n\n\n\n<p><\/p>\n\n\n\n<figure class=\"wp-block-image size-full\"><img decoding=\"async\" src=\"https:\/\/family-bike-travel.fr\/wp-content\/uploads\/2024\/09\/IMG_5101.heic\" alt=\"\" class=\"wp-image-2710\"\/><\/figure>\n\n\n\n<p><\/p>\n\n\n\n<figure class=\"wp-block-image size-full\"><img decoding=\"async\" src=\"https:\/\/family-bike-travel.fr\/wp-content\/uploads\/2024\/09\/IMG_5127.heic\" alt=\"\" class=\"wp-image-2711\"\/><\/figure>\n\n\n\n<p>L\u2019arr\u00eat \u00e0 Guadalupe sera celui o\u00f9 nous d\u00e9poserons nos affaires avant de partir pour la ciudad de Roma. Il n\u2019y a pas d\u2019hostal donc nous dominons en mode dortoir. Direction la ciudad de Roma qui tient son nom d\u2019un touriste suisse qui&nbsp; l\u2019a d\u00e9couvert en 2006 et qui a vu que les formations rocheuses formait une cath\u00e9drale comme celle de Rome. Nous avons un guide avec nous (obligatoire pour y avoir&nbsp; acc\u00e8s ) qui nous expliquera l\u2019usure \u00e9galement les bienfaits des plantes que l\u2019ont trouve dans le secteur. Apr\u00e8s avoir pris de belles photos avec une superbe lumi\u00e8re nous retournons \u00e0 l\u2019endroit o\u00f9 nous dormirons afin de manger et aller se coucher.&nbsp;<\/p>\n\n\n\n<p><\/p>\n\n\n\n<p class=\"has-text-color has-link-color has-large-font-size wp-elements-d1eab49a8f589e25fe1f64ce769d05b2\" style=\"color:#f01810\">Un site impressionnant<\/p>\n\n\n\n<p>La cit\u00e9 Romaine n&rsquo;accueille pas autant de touristes que la capitale italienne, toutefois cette cit\u00e9 rocheuse peut se targuer d\u2019avoir ses propres attraits. Ce lieu a une superficie d\u2019environ 1 200 km\u00b2 et il s\u2019\u00e9l\u00e8ve \u00e0 plus de 4 000 m au-dessus du niveau de la mer.<\/p>\n\n\n\n<p>La Ciudad de Roma constitue un ensemble de toutes sortes de&nbsp;<strong>formations g\u00e9omorphologiques<\/strong>&nbsp;qui trouvent leurs origines dans les pluies depuis des centaines d\u2019ann\u00e9es. Gr\u00e2ce \u00e0 l\u2019\u00e9rosion des colonnes de roches, des cath\u00e9drales naturelles ont vu le jour.<\/p>\n\n\n\n<p>Outre ce festival de fantaisies g\u00e9ologiques, l\u2019apparition de ces structures a \u00e9galement permis d\u2019y cr\u00e9er diff\u00e9rents microclimats favorisant le d\u00e9veloppement des esp\u00e8ces v\u00e9g\u00e9tales. Devant ce paysage aride et myst\u00e9rieux, la pr\u00e9sence d\u2019une&nbsp;<strong>grande vari\u00e9t\u00e9 de flore et de faune<\/strong>&nbsp;vous surprendra. Le long du chemin de terre reliant les deux villages voisins, vous pourrez observer des lamas et des vigognes en libert\u00e9. Durant le spectacle que vous offre cette destination, observez \u00e9galement le&nbsp;<strong>vol des condors<\/strong>&nbsp;au coucher du soleil, ces oiseaux capables de planer \u00e0 7 000 m et \u00e0 50 km\/h.<\/p>\n\n\n\n<p><\/p>\n\n\n\n<figure class=\"wp-block-image size-full\"><img decoding=\"async\" src=\"https:\/\/family-bike-travel.fr\/wp-content\/uploads\/2024\/09\/IMG_5162.heic\" alt=\"\" class=\"wp-image-2713\"\/><\/figure>\n\n\n\n<p><\/p>\n\n\n\n<figure class=\"wp-block-image size-full\"><img decoding=\"async\" src=\"https:\/\/family-bike-travel.fr\/wp-content\/uploads\/2024\/09\/IMG_5187.heic\" alt=\"\" class=\"wp-image-2715\"\/><\/figure>\n\n\n\n<p><\/p>\n\n\n\n<figure class=\"wp-block-gallery has-nested-images columns-default is-cropped wp-block-gallery-3 is-layout-flex wp-block-gallery-is-layout-flex\">\n<figure class=\"wp-block-image size-large\"><img decoding=\"async\" data-id=\"2716\" src=\"https:\/\/family-bike-travel.fr\/wp-content\/uploads\/2024\/09\/IMG_5199.heic\" alt=\"\" class=\"wp-image-2716\"\/><\/figure>\n\n\n\n<figure class=\"wp-block-image size-full\"><img decoding=\"async\" data-id=\"2718\" src=\"https:\/\/family-bike-travel.fr\/wp-content\/uploads\/2024\/09\/IMG_5145.heic\" alt=\"\" class=\"wp-image-2718\"\/><\/figure>\n<\/figure>\n\n\n\n<p><\/p>\n\n\n\n<figure class=\"wp-block-image size-full\"><img decoding=\"async\" src=\"https:\/\/family-bike-travel.fr\/wp-content\/uploads\/2024\/09\/IMG_5225.heic\" alt=\"\" class=\"wp-image-2720\"\/><\/figure>\n\n\n\n<p><\/p>\n\n\n\n<figure class=\"wp-block-image size-full\"><img decoding=\"async\" src=\"https:\/\/family-bike-travel.fr\/wp-content\/uploads\/2024\/10\/IMG_5188.heic\" alt=\"\" class=\"wp-image-2834\"\/><\/figure>\n\n\n\n<p><\/p>\n\n\n\n<figure class=\"wp-block-image size-full\"><img decoding=\"async\" src=\"https:\/\/family-bike-travel.fr\/wp-content\/uploads\/2024\/10\/IMG_5200-1.heic\" alt=\"\" class=\"wp-image-2833\"\/><\/figure>\n\n\n\n<p><\/p>\n\n\n\n<p>Nous avons eu une belle journ\u00e9e o\u00f9 nous avons pas mal roul\u00e9 mais o\u00f9 la bonne ambiance et la bonne musique aident \u00e0 appr\u00e9hender les distances.&nbsp;<\/p>\n\n\n\n<p>Nous devons remettre cela demain avec de nouveaux paysages et lieux \u00e0 d\u00e9couvrir.&nbsp;<\/p>\n<\/div>","protected":false},"excerpt":{"rendered":"<p>Pas de v\u00e9los pour nous durant 4 jours, nous allons visiter le Sud Lipez en 4X4 avec la famille Les Brullac \u00e0 v\u00e9los.&nbsp; Nos montures seront mis chez notre guide et nous n\u2019aurons que le n\u00e9cessaire pour ces 4 jours&#8230; <a class=\"more-link\" href=\"https:\/\/family-bike-travel.fr\/index.php\/2024\/10\/01\/j-98-excursion-sud-lipez-j1\/\">Continue Reading &rarr;<\/a><\/p>\n","protected":false},"author":1,"featured_media":2721,"comment_status":"open","ping_status":"open","sticky":false,"template":"","format":"standard","meta":{"footnotes":""},"categories":[14],"tags":[],"class_list":["post-2692","post","type-post","status-publish","format-standard","has-post-thumbnail","hentry","category-bolivie"],"_links":{"self":[{"href":"https:\/\/family-bike-travel.fr\/index.php\/wp-json\/wp\/v2\/posts\/2692","targetHints":{"allow":["GET"]}}],"collection":[{"href":"https:\/\/family-bike-travel.fr\/index.php\/wp-json\/wp\/v2\/posts"}],"about":[{"href":"https:\/\/family-bike-travel.fr\/index.php\/wp-json\/wp\/v2\/types\/post"}],"author":[{"embeddable":true,"href":"https:\/\/family-bike-travel.fr\/index.php\/wp-json\/wp\/v2\/users\/1"}],"replies":[{"embeddable":true,"href":"https:\/\/family-bike-travel.fr\/index.php\/wp-json\/wp\/v2\/comments?post=2692"}],"version-history":[{"count":4,"href":"https:\/\/family-bike-travel.fr\/index.php\/wp-json\/wp\/v2\/posts\/2692\/revisions"}],"predecessor-version":[{"id":2835,"href":"https:\/\/family-bike-travel.fr\/index.php\/wp-json\/wp\/v2\/posts\/2692\/revisions\/2835"}],"wp:featuredmedia":[{"embeddable":true,"href":"https:\/\/family-bike-travel.fr\/index.php\/wp-json\/wp\/v2\/media\/2721"}],"wp:attachment":[{"href":"https:\/\/family-bike-travel.fr\/index.php\/wp-json\/wp\/v2\/media?parent=2692"}],"wp:term":[{"taxonomy":"category","embeddable":true,"href":"https:\/\/family-bike-travel.fr\/index.php\/wp-json\/wp\/v2\/categories?post=2692"},{"taxonomy":"post_tag","embeddable":true,"href":"https:\/\/family-bike-travel.fr\/index.php\/wp-json\/wp\/v2\/tags?post=2692"}],"curies":[{"name":"wp","href":"https:\/\/api.w.org\/{rel}","templated":true}]}}